{"id":226,"date":"2010-01-12T01:06:28","date_gmt":"2010-01-12T00:06:28","guid":{"rendered":"https:\/\/blog.craue.de\/christian\/?p=226"},"modified":"2010-01-12T11:52:34","modified_gmt":"2010-01-12T10:52:34","slug":"woher-das-s-in-christians-blog-kommt","status":"publish","type":"post","link":"https:\/\/blog.craue.de\/christian\/2010\/01\/12\/woher-das-s-in-christians-blog-kommt\/","title":{"rendered":"Woher das (zweite) &#8222;s&#8220; in &#8222;Christians Blog&#8220; kommt &#8230;"},"content":{"rendered":"<p>Bei der Befragung einiger deutscher Muttersprachler nach der Herkunft der Endung &#8222;s&#8220; an Namen, z. B. &#8222;Benjamins Jacke&#8220;, erhielt ich \u00fcberraschenderweise die Antwort, dass es eine Kurzform von &#8222;Benjamin seine Jacke&#8220; sei.<\/p>\n<p>Was aber, wenn man statt des m\u00e4nnlichen einen weiblichen Namen einsetzt? In &#8222;B\u00e4rbel ihre Jacke&#8220; gibt es kein &#8222;s&#8220;, auf das man &#8222;ihre&#8220; k\u00fcrzen k\u00f6nnte. Auch widerstrebt mir pers\u00f6nlich die angebliche Langform &#8222;Benjamin seine Jacke&#8220; in sowohl Optik als auch Akustik. Das w\u00fcrde ich so niemals verwenden. Die L\u00f6sung muss also eine andere sein.<\/p>\n<p>Es ist das Genitiv-s, das bei der Frage nach dem Besitz, also &#8222;Wessen?&#8220;, an das Subjekt der Antwort angeh\u00e4ngt wird. Fragt man also jemanden &#8222;Wessen Jacke ist das?&#8220;, sollte man, insofern denn der Antwortende den Besitzer der Jacke identifizieren kann, als direkte Reaktion &#8222;Das ist Benjamins Jacke.&#8220; erhalten.<\/p>\n<p>Oft sieht man dieses &#8222;s&#8220; jedoch falsch angef\u00fcgt, selbst von Muttersprachlern. Apostrophierung ist hierbei das Problem, sodass man oft etwas wie &#8222;Benjamin&#8217;s Jacke&#8220; lesen <span style=\"text-decoration: line-through;\">kann <\/span>muss. Ursache daf\u00fcr k\u00f6nnte einerseits der Umgang mit dem Genitiv-s im Englischen sein, da dort &#8222;Benjamin&#8217;s jacket&#8220; korrekt ist. Andererseits stiftet aber auch der Aspekt Verwirrung, dass das Anh\u00e4ngsel bei Namen, die bereits auf einen gesprochenen s-Laut enden, wie z. B. Hans, Alex oder Franz, wiederum das Apostroph ins Spiel kommt. Dann hei\u00dft es n\u00e4mlich richtig &#8222;Hans&#8216; Jacke&#8220;, allerdings keinesfalls &#8222;Hans&#8217;s Jacke&#8220;, wie ich es auch schon des \u00d6fteren gesehen habe.<\/p>\n<p>In diesem Zusammenhang sind auch die Ausf\u00fchrungen im <a title=\"Wikipedia-Artikel zum Genitiv\" href=\"http:\/\/de.wikipedia.org\/wiki\/Genitiv#Besonderheiten\" target=\"_blank\">Wikipedia-Artikel zum Genitiv<\/a> recht interessant, vor allem, dass nach neuer Rechtschreibung die Form &#8222;Benjamin&#8217;s Jacke&#8220; sogar wieder korrekt sein soll.<\/p>\n","protected":false},"excerpt":{"rendered":"<p>Bei der Befragung einiger deutscher Muttersprachler nach der Herkunft der Endung &#8222;s&#8220; an Namen, z. B. &#8222;Benjamins Jacke&#8220;, erhielt ich \u00fcberraschenderweise die Antwort, dass es eine Kurzform von &#8222;Benjamin seine Jacke&#8220; sei. Was aber, wenn man statt des m\u00e4nnlichen einen weiblichen Namen einsetzt? In &#8222;B\u00e4rbel ihre Jacke&#8220; gibt es kein &#8222;s&#8220;, auf das man &#8222;ihre&#8220; [&hellip;]<\/p>\n","protected":false},"author":2,"featured_media":0,"comment_status":"open","ping_status":"open","sticky":false,"template":"","format":"standard","meta":{"footnotes":""},"categories":[5],"tags":[117,98],"_links":{"self":[{"href":"https:\/\/blog.craue.de\/christian\/wp-json\/wp\/v2\/posts\/226"}],"collection":[{"href":"https:\/\/blog.craue.de\/christian\/wp-json\/wp\/v2\/posts"}],"about":[{"href":"https:\/\/blog.craue.de\/christian\/wp-json\/wp\/v2\/types\/post"}],"author":[{"embeddable":true,"href":"https:\/\/blog.craue.de\/christian\/wp-json\/wp\/v2\/users\/2"}],"replies":[{"embeddable":true,"href":"https:\/\/blog.craue.de\/christian\/wp-json\/wp\/v2\/comments?post=226"}],"version-history":[{"count":0,"href":"https:\/\/blog.craue.de\/christian\/wp-json\/wp\/v2\/posts\/226\/revisions"}],"wp:attachment":[{"href":"https:\/\/blog.craue.de\/christian\/wp-json\/wp\/v2\/media?parent=226"}],"wp:term":[{"taxonomy":"category","embeddable":true,"href":"https:\/\/blog.craue.de\/christian\/wp-json\/wp\/v2\/categories?post=226"},{"taxonomy":"post_tag","embeddable":true,"href":"https:\/\/blog.craue.de\/christian\/wp-json\/wp\/v2\/tags?post=226"}],"curies":[{"name":"wp","href":"https:\/\/api.w.org\/{rel}","templated":true}]}}