{"id":406,"date":"2010-10-13T23:26:41","date_gmt":"2010-10-13T21:26:41","guid":{"rendered":"https:\/\/blog.craue.de\/christian\/?p=406"},"modified":"2010-10-13T23:26:41","modified_gmt":"2010-10-13T21:26:41","slug":"brandenburg-von-oben","status":"publish","type":"post","link":"https:\/\/blog.craue.de\/christian\/2010\/10\/13\/brandenburg-von-oben\/","title":{"rendered":"Brandenburg von oben"},"content":{"rendered":"<p>Es bot sich die Gelegenheit, die Stadt Brandenburg von zwei T\u00fcrmen aus zu bestaunen und nat\u00fcrlich zu fotografieren. Zuerst ging es auf den <a title=\"Wikipedia-Artikel zum Steintorturm\" href=\"http:\/\/de.wikipedia.org\/wiki\/Steintorturm\" target=\"_blank\">Steintorturm<\/a>.<\/p>\n<p style=\"text-align: center;\"><a href=\"http:\/\/www.flickr.com\/photos\/craue\/5079491880\/sizes\/\"><img loading=\"lazy\" decoding=\"async\" class=\"aligncenter size-full wp-image-407\" title=\"Steintorturm 6\" src=\"https:\/\/blog.craue.de\/christian\/wp-content\/uploads\/2010\/10\/Steintorturm-6.jpg\" alt=\"\" width=\"495\" height=\"660\" srcset=\"https:\/\/blog.craue.de\/christian\/wp-content\/uploads\/2010\/10\/Steintorturm-6.jpg 495w, https:\/\/blog.craue.de\/christian\/wp-content\/uploads\/2010\/10\/Steintorturm-6-112x150.jpg 112w, https:\/\/blog.craue.de\/christian\/wp-content\/uploads\/2010\/10\/Steintorturm-6-225x300.jpg 225w\" sizes=\"(max-width: 495px) 100vw, 495px\" \/><\/a><\/p>\n<p style=\"text-align: center;\"><a href=\"http:\/\/www.flickr.com\/photos\/craue\/5079491852\/sizes\/\"><img loading=\"lazy\" decoding=\"async\" class=\"aligncenter size-full wp-image-408\" title=\"Steintorturm 1\" src=\"https:\/\/blog.craue.de\/christian\/wp-content\/uploads\/2010\/10\/Steintorturm-1.jpg\" alt=\"\" width=\"495\" height=\"660\" srcset=\"https:\/\/blog.craue.de\/christian\/wp-content\/uploads\/2010\/10\/Steintorturm-1.jpg 495w, https:\/\/blog.craue.de\/christian\/wp-content\/uploads\/2010\/10\/Steintorturm-1-112x150.jpg 112w, https:\/\/blog.craue.de\/christian\/wp-content\/uploads\/2010\/10\/Steintorturm-1-225x300.jpg 225w\" sizes=\"(max-width: 495px) 100vw, 495px\" \/><\/a><\/p>\n<p style=\"text-align: center;\"><a href=\"http:\/\/www.flickr.com\/photos\/craue\/5079491868\/sizes\/\"><img loading=\"lazy\" decoding=\"async\" class=\"aligncenter size-full wp-image-409\" title=\"Steintorturm 3\" src=\"https:\/\/blog.craue.de\/christian\/wp-content\/uploads\/2010\/10\/Steintorturm-3.jpg\" alt=\"\" width=\"495\" height=\"371\" srcset=\"https:\/\/blog.craue.de\/christian\/wp-content\/uploads\/2010\/10\/Steintorturm-3.jpg 495w, https:\/\/blog.craue.de\/christian\/wp-content\/uploads\/2010\/10\/Steintorturm-3-150x112.jpg 150w, https:\/\/blog.craue.de\/christian\/wp-content\/uploads\/2010\/10\/Steintorturm-3-300x224.jpg 300w\" sizes=\"(max-width: 495px) 100vw, 495px\" \/><\/a><\/p>\n<p style=\"text-align: center;\"><a href=\"http:\/\/www.flickr.com\/photos\/craue\/5079491862\/sizes\/\"><img loading=\"lazy\" decoding=\"async\" class=\"aligncenter size-full wp-image-410\" title=\"Steintorturm 2\" src=\"https:\/\/blog.craue.de\/christian\/wp-content\/uploads\/2010\/10\/Steintorturm-2.jpg\" alt=\"\" width=\"495\" height=\"371\" srcset=\"https:\/\/blog.craue.de\/christian\/wp-content\/uploads\/2010\/10\/Steintorturm-2.jpg 495w, https:\/\/blog.craue.de\/christian\/wp-content\/uploads\/2010\/10\/Steintorturm-2-150x112.jpg 150w, https:\/\/blog.craue.de\/christian\/wp-content\/uploads\/2010\/10\/Steintorturm-2-300x224.jpg 300w\" sizes=\"(max-width: 495px) 100vw, 495px\" \/><\/a><\/p>\n<p style=\"text-align: center;\"><a href=\"http:\/\/www.flickr.com\/photos\/craue\/5079491872\/sizes\/\"><img loading=\"lazy\" decoding=\"async\" class=\"aligncenter size-full wp-image-411\" title=\"Steintorturm 4\" src=\"https:\/\/blog.craue.de\/christian\/wp-content\/uploads\/2010\/10\/Steintorturm-4.jpg\" alt=\"\" width=\"495\" height=\"371\" srcset=\"https:\/\/blog.craue.de\/christian\/wp-content\/uploads\/2010\/10\/Steintorturm-4.jpg 495w, https:\/\/blog.craue.de\/christian\/wp-content\/uploads\/2010\/10\/Steintorturm-4-150x112.jpg 150w, https:\/\/blog.craue.de\/christian\/wp-content\/uploads\/2010\/10\/Steintorturm-4-300x224.jpg 300w\" sizes=\"(max-width: 495px) 100vw, 495px\" \/><\/a><\/p>\n<p>Hinabsteigen musste man nat\u00fcrlich auch wieder &#8230;<\/p>\n<p style=\"text-align: center;\"><a href=\"http:\/\/www.flickr.com\/photos\/craue\/5079491876\/sizes\/\"><img loading=\"lazy\" decoding=\"async\" class=\"aligncenter size-full wp-image-412\" title=\"Steintorturm 5\" src=\"https:\/\/blog.craue.de\/christian\/wp-content\/uploads\/2010\/10\/Steintorturm-5.jpg\" alt=\"\" width=\"495\" height=\"660\" srcset=\"https:\/\/blog.craue.de\/christian\/wp-content\/uploads\/2010\/10\/Steintorturm-5.jpg 495w, https:\/\/blog.craue.de\/christian\/wp-content\/uploads\/2010\/10\/Steintorturm-5-112x150.jpg 112w, https:\/\/blog.craue.de\/christian\/wp-content\/uploads\/2010\/10\/Steintorturm-5-225x300.jpg 225w\" sizes=\"(max-width: 495px) 100vw, 495px\" \/><\/a><\/p>\n<p>Zweiter, wirklich empfehlenswerter Aussichtspunkt war die <a title=\"Wikipedia-Artikel zur Friedenswarte\" href=\"http:\/\/de.wikipedia.org\/wiki\/Friedenswarte_Brandenburg\" target=\"_blank\">Friedenswarte<\/a>. Da diese auf einem Berg steht, ist man dem Himmel noch ein wenig n\u00e4her.<\/p>\n<p style=\"text-align: center;\"><a href=\"http:\/\/www.flickr.com\/photos\/craue\/5078904839\/sizes\/\"><img loading=\"lazy\" decoding=\"async\" class=\"aligncenter size-full wp-image-413\" title=\"Friedenswarte 01\" src=\"https:\/\/blog.craue.de\/christian\/wp-content\/uploads\/2010\/10\/Friedenswarte-01.jpg\" alt=\"\" width=\"495\" height=\"725\" srcset=\"https:\/\/blog.craue.de\/christian\/wp-content\/uploads\/2010\/10\/Friedenswarte-01.jpg 495w, https:\/\/blog.craue.de\/christian\/wp-content\/uploads\/2010\/10\/Friedenswarte-01-102x150.jpg 102w, https:\/\/blog.craue.de\/christian\/wp-content\/uploads\/2010\/10\/Friedenswarte-01-204x300.jpg 204w\" sizes=\"(max-width: 495px) 100vw, 495px\" \/><\/a><\/p>\n<p style=\"text-align: center;\"><a href=\"http:\/\/www.flickr.com\/photos\/craue\/5078910833\/sizes\/\"><img loading=\"lazy\" decoding=\"async\" class=\"aligncenter size-full wp-image-422\" title=\"Friedenswarte 09\" src=\"https:\/\/blog.craue.de\/christian\/wp-content\/uploads\/2010\/10\/Friedenswarte-09.jpg\" alt=\"\" width=\"495\" height=\"331\" srcset=\"https:\/\/blog.craue.de\/christian\/wp-content\/uploads\/2010\/10\/Friedenswarte-09.jpg 495w, https:\/\/blog.craue.de\/christian\/wp-content\/uploads\/2010\/10\/Friedenswarte-09-150x100.jpg 150w, https:\/\/blog.craue.de\/christian\/wp-content\/uploads\/2010\/10\/Friedenswarte-09-300x200.jpg 300w\" sizes=\"(max-width: 495px) 100vw, 495px\" \/><\/a><\/p>\n<p style=\"text-align: center;\"><a href=\"http:\/\/www.flickr.com\/photos\/craue\/5078910835\/sizes\/\"><img loading=\"lazy\" decoding=\"async\" class=\"aligncenter size-full wp-image-414\" title=\"Friedenswarte 10\" src=\"https:\/\/blog.craue.de\/christian\/wp-content\/uploads\/2010\/10\/Friedenswarte-10.jpg\" alt=\"\" width=\"495\" height=\"739\" srcset=\"https:\/\/blog.craue.de\/christian\/wp-content\/uploads\/2010\/10\/Friedenswarte-10.jpg 495w, https:\/\/blog.craue.de\/christian\/wp-content\/uploads\/2010\/10\/Friedenswarte-10-100x150.jpg 100w, https:\/\/blog.craue.de\/christian\/wp-content\/uploads\/2010\/10\/Friedenswarte-10-200x300.jpg 200w\" sizes=\"(max-width: 495px) 100vw, 495px\" \/><\/a><\/p>\n<p>Bereits das Treppenhaus ist optisch gut gelungen. Etwas anstrengend ist der Aufstieg schon. Rote und gr\u00fcne Stufen verlaufen separat, sodass hinauf- und hinunterstr\u00f6mende G\u00e4ste nicht aufeinandertreffen.<\/p>\n<p style=\"text-align: center;\"><a href=\"http:\/\/www.flickr.com\/photos\/craue\/5078910829\/sizes\/\"><img loading=\"lazy\" decoding=\"async\" class=\"aligncenter size-full wp-image-421\" title=\"Friedenswarte 08\" src=\"https:\/\/blog.craue.de\/christian\/wp-content\/uploads\/2010\/10\/Friedenswarte-08.jpg\" alt=\"\" width=\"495\" height=\"371\" srcset=\"https:\/\/blog.craue.de\/christian\/wp-content\/uploads\/2010\/10\/Friedenswarte-08.jpg 495w, https:\/\/blog.craue.de\/christian\/wp-content\/uploads\/2010\/10\/Friedenswarte-08-150x112.jpg 150w, https:\/\/blog.craue.de\/christian\/wp-content\/uploads\/2010\/10\/Friedenswarte-08-300x224.jpg 300w\" sizes=\"(max-width: 495px) 100vw, 495px\" \/><\/a><\/p>\n<p style=\"text-align: center;\"><a href=\"http:\/\/www.flickr.com\/photos\/craue\/5078904871\/sizes\/\"><img loading=\"lazy\" decoding=\"async\" class=\"aligncenter size-full wp-image-419\" title=\"Friedenswarte 06\" src=\"https:\/\/blog.craue.de\/christian\/wp-content\/uploads\/2010\/10\/Friedenswarte-06.jpg\" alt=\"\" width=\"495\" height=\"302\" srcset=\"https:\/\/blog.craue.de\/christian\/wp-content\/uploads\/2010\/10\/Friedenswarte-06.jpg 495w, https:\/\/blog.craue.de\/christian\/wp-content\/uploads\/2010\/10\/Friedenswarte-06-150x91.jpg 150w, https:\/\/blog.craue.de\/christian\/wp-content\/uploads\/2010\/10\/Friedenswarte-06-300x183.jpg 300w\" sizes=\"(max-width: 495px) 100vw, 495px\" \/><\/a><\/p>\n<p style=\"text-align: center;\"><a href=\"http:\/\/www.flickr.com\/photos\/craue\/5078904851\/sizes\/\"><img loading=\"lazy\" decoding=\"async\" class=\"aligncenter size-full wp-image-415\" title=\"Friedenswarte 02\" src=\"https:\/\/blog.craue.de\/christian\/wp-content\/uploads\/2010\/10\/Friedenswarte-02.jpg\" alt=\"\" width=\"495\" height=\"331\" srcset=\"https:\/\/blog.craue.de\/christian\/wp-content\/uploads\/2010\/10\/Friedenswarte-02.jpg 495w, https:\/\/blog.craue.de\/christian\/wp-content\/uploads\/2010\/10\/Friedenswarte-02-150x100.jpg 150w, https:\/\/blog.craue.de\/christian\/wp-content\/uploads\/2010\/10\/Friedenswarte-02-300x200.jpg 300w\" sizes=\"(max-width: 495px) 100vw, 495px\" \/><\/a><\/p>\n<p style=\"text-align: center;\"><a href=\"http:\/\/www.flickr.com\/photos\/craue\/5078904855\/sizes\/\"><img loading=\"lazy\" decoding=\"async\" class=\"aligncenter size-full wp-image-416\" title=\"Friedenswarte 03\" src=\"https:\/\/blog.craue.de\/christian\/wp-content\/uploads\/2010\/10\/Friedenswarte-03.jpg\" alt=\"\" width=\"495\" height=\"331\" srcset=\"https:\/\/blog.craue.de\/christian\/wp-content\/uploads\/2010\/10\/Friedenswarte-03.jpg 495w, https:\/\/blog.craue.de\/christian\/wp-content\/uploads\/2010\/10\/Friedenswarte-03-150x100.jpg 150w, https:\/\/blog.craue.de\/christian\/wp-content\/uploads\/2010\/10\/Friedenswarte-03-300x200.jpg 300w\" sizes=\"(max-width: 495px) 100vw, 495px\" \/><\/a><\/p>\n<p style=\"text-align: center;\"><a href=\"http:\/\/www.flickr.com\/photos\/craue\/5078904857\/sizes\/\"><img loading=\"lazy\" decoding=\"async\" class=\"aligncenter size-full wp-image-417\" title=\"Friedenswarte 04\" src=\"https:\/\/blog.craue.de\/christian\/wp-content\/uploads\/2010\/10\/Friedenswarte-04.jpg\" alt=\"\" width=\"495\" height=\"371\" srcset=\"https:\/\/blog.craue.de\/christian\/wp-content\/uploads\/2010\/10\/Friedenswarte-04.jpg 495w, https:\/\/blog.craue.de\/christian\/wp-content\/uploads\/2010\/10\/Friedenswarte-04-150x112.jpg 150w, https:\/\/blog.craue.de\/christian\/wp-content\/uploads\/2010\/10\/Friedenswarte-04-300x224.jpg 300w\" sizes=\"(max-width: 495px) 100vw, 495px\" \/><\/a><\/p>\n<p style=\"text-align: center;\"><a href=\"http:\/\/www.flickr.com\/photos\/craue\/5078904865\/sizes\/\"><img loading=\"lazy\" decoding=\"async\" class=\"aligncenter size-full wp-image-418\" title=\"Friedenswarte 05\" src=\"https:\/\/blog.craue.de\/christian\/wp-content\/uploads\/2010\/10\/Friedenswarte-05.jpg\" alt=\"\" width=\"495\" height=\"660\" srcset=\"https:\/\/blog.craue.de\/christian\/wp-content\/uploads\/2010\/10\/Friedenswarte-05.jpg 495w, https:\/\/blog.craue.de\/christian\/wp-content\/uploads\/2010\/10\/Friedenswarte-05-112x150.jpg 112w, https:\/\/blog.craue.de\/christian\/wp-content\/uploads\/2010\/10\/Friedenswarte-05-225x300.jpg 225w\" sizes=\"(max-width: 495px) 100vw, 495px\" \/><\/a><\/p>\n<p>Und auch hier ging es anschlie\u00dfend wieder abw\u00e4rts &#8230;<\/p>\n<p style=\"text-align: center;\"><a href=\"http:\/\/www.flickr.com\/photos\/craue\/5078910821\/sizes\/\"><img loading=\"lazy\" decoding=\"async\" class=\"aligncenter size-full wp-image-420\" title=\"Friedenswarte 07\" src=\"https:\/\/blog.craue.de\/christian\/wp-content\/uploads\/2010\/10\/Friedenswarte-07.jpg\" alt=\"\" width=\"495\" height=\"331\" srcset=\"https:\/\/blog.craue.de\/christian\/wp-content\/uploads\/2010\/10\/Friedenswarte-07.jpg 495w, https:\/\/blog.craue.de\/christian\/wp-content\/uploads\/2010\/10\/Friedenswarte-07-150x100.jpg 150w, https:\/\/blog.craue.de\/christian\/wp-content\/uploads\/2010\/10\/Friedenswarte-07-300x200.jpg 300w\" sizes=\"(max-width: 495px) 100vw, 495px\" \/><\/a><\/p>\n","protected":false},"excerpt":{"rendered":"<p>Es bot sich die Gelegenheit, die Stadt Brandenburg von zwei T\u00fcrmen aus zu bestaunen und nat\u00fcrlich zu fotografieren. Zuerst ging es auf den Steintorturm. Hinabsteigen musste man nat\u00fcrlich auch wieder &#8230; Zweiter, wirklich empfehlenswerter Aussichtspunkt war die Friedenswarte. Da diese auf einem Berg steht, ist man dem Himmel noch ein wenig n\u00e4her. Bereits das Treppenhaus [&hellip;]<\/p>\n","protected":false},"author":2,"featured_media":0,"comment_status":"open","ping_status":"open","sticky":false,"template":"","format":"standard","meta":{"footnotes":""},"categories":[69],"tags":[134,194,193],"_links":{"self":[{"href":"https:\/\/blog.craue.de\/christian\/wp-json\/wp\/v2\/posts\/406"}],"collection":[{"href":"https:\/\/blog.craue.de\/christian\/wp-json\/wp\/v2\/posts"}],"about":[{"href":"https:\/\/blog.craue.de\/christian\/wp-json\/wp\/v2\/types\/post"}],"author":[{"embeddable":true,"href":"https:\/\/blog.craue.de\/christian\/wp-json\/wp\/v2\/users\/2"}],"replies":[{"embeddable":true,"href":"https:\/\/blog.craue.de\/christian\/wp-json\/wp\/v2\/comments?post=406"}],"version-history":[{"count":0,"href":"https:\/\/blog.craue.de\/christian\/wp-json\/wp\/v2\/posts\/406\/revisions"}],"wp:attachment":[{"href":"https:\/\/blog.craue.de\/christian\/wp-json\/wp\/v2\/media?parent=406"}],"wp:term":[{"taxonomy":"category","embeddable":true,"href":"https:\/\/blog.craue.de\/christian\/wp-json\/wp\/v2\/categories?post=406"},{"taxonomy":"post_tag","embeddable":true,"href":"https:\/\/blog.craue.de\/christian\/wp-json\/wp\/v2\/tags?post=406"}],"curies":[{"name":"wp","href":"https:\/\/api.w.org\/{rel}","templated":true}]}}