{"id":564,"date":"2011-01-09T23:34:43","date_gmt":"2011-01-09T22:34:43","guid":{"rendered":"https:\/\/blog.craue.de\/christian\/?p=564"},"modified":"2011-01-09T23:58:58","modified_gmt":"2011-01-09T22:58:58","slug":"nachtaufnahmen-mit-langzeitbelichtung-3","status":"publish","type":"post","link":"https:\/\/blog.craue.de\/christian\/2011\/01\/09\/nachtaufnahmen-mit-langzeitbelichtung-3\/","title":{"rendered":"Nachtaufnahmen mit Langzeitbelichtung #3"},"content":{"rendered":"<p>Das sind teilweise noch Aufnahmen aus dem letzten Jahr (ja ja, so altes Zeug biete ich hier an), aber ich bin einfach nicht fr\u00fcher dazu gekommen, sie \u00f6ffentlichkeitstauglich zu machen.<\/p>\n<p><a href=\"http:\/\/www.flickr.com\/photos\/craue\/5340828932\/sizes\/\"><img loading=\"lazy\" decoding=\"async\" class=\"aligncenter size-full wp-image-565\" title=\"Fachbereich Wirtschaft\" src=\"https:\/\/blog.craue.de\/christian\/wp-content\/uploads\/2011\/01\/01-Fachbereich-Wirtschaft.jpg\" alt=\"\" width=\"495\" height=\"371\" srcset=\"https:\/\/blog.craue.de\/christian\/wp-content\/uploads\/2011\/01\/01-Fachbereich-Wirtschaft.jpg 495w, https:\/\/blog.craue.de\/christian\/wp-content\/uploads\/2011\/01\/01-Fachbereich-Wirtschaft-150x112.jpg 150w, https:\/\/blog.craue.de\/christian\/wp-content\/uploads\/2011\/01\/01-Fachbereich-Wirtschaft-300x224.jpg 300w\" sizes=\"(max-width: 495px) 100vw, 495px\" \/><\/a><\/p>\n<p>Blick auf das Wirtschaftswissenschaftsgeb\u00e4ude vom Dach des Geb\u00e4udes f\u00fcr Ingenieurwissenschaften der Fachhochschule Brandenburg.<\/p>\n<p><a href=\"http:\/\/www.flickr.com\/photos\/craue\/5340828938\/sizes\/\"><img loading=\"lazy\" decoding=\"async\" class=\"aligncenter size-full wp-image-566\" title=\"Schneeh\u00fcgel #1\" src=\"https:\/\/blog.craue.de\/christian\/wp-content\/uploads\/2011\/01\/02-Schneeh\u00fcgel-1.jpg\" alt=\"\" width=\"495\" height=\"371\" srcset=\"https:\/\/blog.craue.de\/christian\/wp-content\/uploads\/2011\/01\/02-Schneeh\u00fcgel-1.jpg 495w, https:\/\/blog.craue.de\/christian\/wp-content\/uploads\/2011\/01\/02-Schneeh\u00fcgel-1-150x112.jpg 150w, https:\/\/blog.craue.de\/christian\/wp-content\/uploads\/2011\/01\/02-Schneeh\u00fcgel-1-300x224.jpg 300w\" sizes=\"(max-width: 495px) 100vw, 495px\" \/><\/a><\/p>\n<p><a href=\"http:\/\/www.flickr.com\/photos\/craue\/5340828944\/sizes\/\"><img loading=\"lazy\" decoding=\"async\" class=\"aligncenter size-full wp-image-567\" title=\"Schneeh\u00fcgel #2\" src=\"https:\/\/blog.craue.de\/christian\/wp-content\/uploads\/2011\/01\/03-Schneeh\u00fcgel-2.jpg\" alt=\"\" width=\"495\" height=\"371\" srcset=\"https:\/\/blog.craue.de\/christian\/wp-content\/uploads\/2011\/01\/03-Schneeh\u00fcgel-2.jpg 495w, https:\/\/blog.craue.de\/christian\/wp-content\/uploads\/2011\/01\/03-Schneeh\u00fcgel-2-150x112.jpg 150w, https:\/\/blog.craue.de\/christian\/wp-content\/uploads\/2011\/01\/03-Schneeh\u00fcgel-2-300x224.jpg 300w\" sizes=\"(max-width: 495px) 100vw, 495px\" \/><\/a><\/p>\n<p><a href=\"http:\/\/www.flickr.com\/photos\/craue\/5340828948\/sizes\/\"><img loading=\"lazy\" decoding=\"async\" class=\"aligncenter size-full wp-image-568\" title=\"eingeschneiter Baum #1\" src=\"https:\/\/blog.craue.de\/christian\/wp-content\/uploads\/2011\/01\/04-eingeschneiter-Baum-1.jpg\" alt=\"\" width=\"495\" height=\"371\" srcset=\"https:\/\/blog.craue.de\/christian\/wp-content\/uploads\/2011\/01\/04-eingeschneiter-Baum-1.jpg 495w, https:\/\/blog.craue.de\/christian\/wp-content\/uploads\/2011\/01\/04-eingeschneiter-Baum-1-150x112.jpg 150w, https:\/\/blog.craue.de\/christian\/wp-content\/uploads\/2011\/01\/04-eingeschneiter-Baum-1-300x224.jpg 300w\" sizes=\"(max-width: 495px) 100vw, 495px\" \/><\/a><\/p>\n<p><a href=\"http:\/\/www.flickr.com\/photos\/craue\/5340828954\/sizes\/\"><img loading=\"lazy\" decoding=\"async\" class=\"aligncenter size-full wp-image-569\" title=\"eingeschneiter Gehweg\" src=\"https:\/\/blog.craue.de\/christian\/wp-content\/uploads\/2011\/01\/05-eingeschneiter-Gehweg.jpg\" alt=\"\" width=\"495\" height=\"371\" srcset=\"https:\/\/blog.craue.de\/christian\/wp-content\/uploads\/2011\/01\/05-eingeschneiter-Gehweg.jpg 495w, https:\/\/blog.craue.de\/christian\/wp-content\/uploads\/2011\/01\/05-eingeschneiter-Gehweg-150x112.jpg 150w, https:\/\/blog.craue.de\/christian\/wp-content\/uploads\/2011\/01\/05-eingeschneiter-Gehweg-300x224.jpg 300w\" sizes=\"(max-width: 495px) 100vw, 495px\" \/><\/a><\/p>\n<p><a href=\"http:\/\/www.flickr.com\/photos\/craue\/5340828958\/sizes\/\"><img loading=\"lazy\" decoding=\"async\" class=\"aligncenter size-full wp-image-570\" title=\"verlassener Parkplatz\" src=\"https:\/\/blog.craue.de\/christian\/wp-content\/uploads\/2011\/01\/06-verlassener-Parkplatz.jpg\" alt=\"\" width=\"495\" height=\"371\" srcset=\"https:\/\/blog.craue.de\/christian\/wp-content\/uploads\/2011\/01\/06-verlassener-Parkplatz.jpg 495w, https:\/\/blog.craue.de\/christian\/wp-content\/uploads\/2011\/01\/06-verlassener-Parkplatz-150x112.jpg 150w, https:\/\/blog.craue.de\/christian\/wp-content\/uploads\/2011\/01\/06-verlassener-Parkplatz-300x224.jpg 300w\" sizes=\"(max-width: 495px) 100vw, 495px\" \/><\/a><\/p>\n<p><a href=\"http:\/\/www.flickr.com\/photos\/craue\/5340845734\/sizes\/\"><img loading=\"lazy\" decoding=\"async\" class=\"aligncenter size-full wp-image-571\" title=\"eingeschneiter Baum #2\" src=\"https:\/\/blog.craue.de\/christian\/wp-content\/uploads\/2011\/01\/07-eingeschneiter-Baum-2.jpg\" alt=\"\" width=\"495\" height=\"371\" srcset=\"https:\/\/blog.craue.de\/christian\/wp-content\/uploads\/2011\/01\/07-eingeschneiter-Baum-2.jpg 495w, https:\/\/blog.craue.de\/christian\/wp-content\/uploads\/2011\/01\/07-eingeschneiter-Baum-2-150x112.jpg 150w, https:\/\/blog.craue.de\/christian\/wp-content\/uploads\/2011\/01\/07-eingeschneiter-Baum-2-300x224.jpg 300w\" sizes=\"(max-width: 495px) 100vw, 495px\" \/><\/a><\/p>\n<p><a href=\"http:\/\/www.flickr.com\/photos\/craue\/5340845744\/sizes\/\"><img loading=\"lazy\" decoding=\"async\" class=\"aligncenter size-full wp-image-572\" title=\"Kirchturmspitze im Umbau\" src=\"https:\/\/blog.craue.de\/christian\/wp-content\/uploads\/2011\/01\/08-Kirchturmspitze-im-Umbau.jpg\" alt=\"\" width=\"495\" height=\"371\" srcset=\"https:\/\/blog.craue.de\/christian\/wp-content\/uploads\/2011\/01\/08-Kirchturmspitze-im-Umbau.jpg 495w, https:\/\/blog.craue.de\/christian\/wp-content\/uploads\/2011\/01\/08-Kirchturmspitze-im-Umbau-150x112.jpg 150w, https:\/\/blog.craue.de\/christian\/wp-content\/uploads\/2011\/01\/08-Kirchturmspitze-im-Umbau-300x224.jpg 300w\" sizes=\"(max-width: 495px) 100vw, 495px\" \/><\/a><\/p>\n<p><a href=\"http:\/\/www.flickr.com\/photos\/craue\/5340945156\/sizes\/\"><img loading=\"lazy\" decoding=\"async\" class=\"aligncenter size-full wp-image-573\" title=\"Antennen\" src=\"https:\/\/blog.craue.de\/christian\/wp-content\/uploads\/2011\/01\/09-Antennen.jpg\" alt=\"\" width=\"495\" height=\"371\" srcset=\"https:\/\/blog.craue.de\/christian\/wp-content\/uploads\/2011\/01\/09-Antennen.jpg 495w, https:\/\/blog.craue.de\/christian\/wp-content\/uploads\/2011\/01\/09-Antennen-150x112.jpg 150w, https:\/\/blog.craue.de\/christian\/wp-content\/uploads\/2011\/01\/09-Antennen-300x224.jpg 300w\" sizes=\"(max-width: 495px) 100vw, 495px\" \/><\/a><\/p>\n","protected":false},"excerpt":{"rendered":"<p>Das sind teilweise noch Aufnahmen aus dem letzten Jahr (ja ja, so altes Zeug biete ich hier an), aber ich bin einfach nicht fr\u00fcher dazu gekommen, sie \u00f6ffentlichkeitstauglich zu machen. Blick auf das Wirtschaftswissenschaftsgeb\u00e4ude vom Dach des Geb\u00e4udes f\u00fcr Ingenieurwissenschaften der Fachhochschule Brandenburg.<\/p>\n","protected":false},"author":2,"featured_media":0,"comment_status":"open","ping_status":"open","sticky":false,"template":"","format":"standard","meta":{"footnotes":""},"categories":[69],"tags":[212,180,52,112],"_links":{"self":[{"href":"https:\/\/blog.craue.de\/christian\/wp-json\/wp\/v2\/posts\/564"}],"collection":[{"href":"https:\/\/blog.craue.de\/christian\/wp-json\/wp\/v2\/posts"}],"about":[{"href":"https:\/\/blog.craue.de\/christian\/wp-json\/wp\/v2\/types\/post"}],"author":[{"embeddable":true,"href":"https:\/\/blog.craue.de\/christian\/wp-json\/wp\/v2\/users\/2"}],"replies":[{"embeddable":true,"href":"https:\/\/blog.craue.de\/christian\/wp-json\/wp\/v2\/comments?post=564"}],"version-history":[{"count":0,"href":"https:\/\/blog.craue.de\/christian\/wp-json\/wp\/v2\/posts\/564\/revisions"}],"wp:attachment":[{"href":"https:\/\/blog.craue.de\/christian\/wp-json\/wp\/v2\/media?parent=564"}],"wp:term":[{"taxonomy":"category","embeddable":true,"href":"https:\/\/blog.craue.de\/christian\/wp-json\/wp\/v2\/categories?post=564"},{"taxonomy":"post_tag","embeddable":true,"href":"https:\/\/blog.craue.de\/christian\/wp-json\/wp\/v2\/tags?post=564"}],"curies":[{"name":"wp","href":"https:\/\/api.w.org\/{rel}","templated":true}]}}